{"id":8,"date":"2026-09-01T23:33:07","date_gmt":"2026-09-02T02:33:07","guid":{"rendered":"https:\/\/bandnordeste.com.br\/ma\/?p=8"},"modified":"2026-09-01T23:33:07","modified_gmt":"2026-09-02T02:33:07","slug":"flamengo-promete-buscar-justica-pelo-caso-plata-amadorismo-e-irresponsabilidade-do-dinamo","status":"publish","type":"post","link":"https:\/\/bandnordeste.com.br\/ma\/esporte\/flamengo-promete-buscar-justica-pelo-caso-plata-amadorismo-e-irresponsabilidade-do-dinamo.bhtml","title":{"rendered":"Flamengo promete buscar justi\u00e7a pelo caso Plata: &#8220;Amadorismo e irresponsabilidade do D\u00ednamo&#8221;"},"content":{"rendered":"<p style=\"text-align: justify;\" data-path-to-node=\"0\">O Flamengo anunciou na noite desta ter\u00e7a-feira que buscar\u00e1 repara\u00e7\u00f5es contra o D\u00ednamo de Moscou ap\u00f3s o clube russo cancelar a compra do atacante Gonzalo Plata sob a justificativa de reprova\u00e7\u00e3o em exames m\u00e9dicos. O mesmo cen\u00e1rio ocorreu com o Botafogo envolvendo a transfer\u00eancia de Matheus Martins. Ambas as diretorias negam qualquer problema cl\u00ednico com seus atletas e acusam o clube europeu de amadorismo e irresponsabilidade no desfecho das negocia\u00e7\u00f5es.<\/p>\n<p style=\"text-align: justify;\" data-path-to-node=\"1\"><b data-path-to-node=\"1\" data-index-in-node=\"0\">Os desdobramentos do caso:<\/b><\/p>\n<ul style=\"text-align: justify;\" data-path-to-node=\"2\">\n<li>\n<p data-path-to-node=\"2,0,0\"><b data-path-to-node=\"2,0,0\" data-index-in-node=\"0\">A\u00e7\u00f5es do Flamengo:<\/b> Em nota oficial, o Departamento M\u00e9dico rubro-negro garantiu que Plata est\u00e1 apto para o alto rendimento, sem hist\u00f3rico de cirurgias ou problemas cr\u00f4nicos graves. A diretoria avalia realizar uma per\u00edcia m\u00e9dica independente e enviar o laudo \u00e0 Fifa para exigir compensa\u00e7\u00e3o pela desvaloriza\u00e7\u00e3o do atleta. A venda renderia cerca de 10 milh\u00f5es de euros (aproximadamente R$ 60 milh\u00f5es) \u00e0 vista aos cofres do clube.<\/p>\n<\/li>\n<li>\n<p data-path-to-node=\"2,1,0\"><b data-path-to-node=\"2,1,0\" data-index-in-node=\"0\">Rea\u00e7\u00e3o do Botafogo:<\/b> A equipe alvinegra tamb\u00e9m refuta a suposta reprova\u00e7\u00e3o m\u00e9dica de Matheus Martins e estuda medidas legais contra o clube russo pelo uso indevido da imagem do jogador, visto que ambos os atletas j\u00e1 haviam sido recepcionados e expostos nas redes sociais do D\u00ednamo na chegada \u00e0 capital russa.<\/p>\n<\/li>\n<li>\n<p data-path-to-node=\"2,2,0\"><b data-path-to-node=\"2,2,0\" data-index-in-node=\"0\">Situa\u00e7\u00e3o de Gonzalo Plata:<\/b> O atacante equatoriano j\u00e1 est\u00e1 em viagem de volta ao Rio de Janeiro para ser reintegrado ao elenco do Flamengo. Apesar do retorno, ele n\u00e3o chegar\u00e1 a tempo de refor\u00e7ar a equipe na partida desta quarta-feira contra o Mirassol, no Maracan\u00e3, em jogo atrasado da quarta rodada do Campeonato Brasileiro.<\/p>\n<\/li>\n<\/ul>\n<p style=\"text-align: justify;\" data-path-to-node=\"3\">No comunicado divulgado \u00e0 imprensa, o Flamengo classificou a postura do D\u00ednamo de Moscou como um alerta para todo o futebol brasileiro em futuras negocia\u00e7\u00f5es com o mercado russo. O clube carioca refor\u00e7ou que receber\u00e1 o jogador de portas abertas para dar continuidade \u00e0 sua trajet\u00f3ria, destacando o curr\u00edculo de t\u00edtulos recentes de Plata como prova de sua plena capacidade f\u00edsica e t\u00e9cnica.<\/p>\n","protected":false},"excerpt":{"rendered":"<p>O Flamengo anunciou na noite desta ter\u00e7a-feira que buscar\u00e1 repara\u00e7\u00f5es contra o D\u00ednamo de Moscou ap\u00f3s o clube russo cancelar a compra do atacante Gonzalo Plata sob a\u2026<\/p>\n","protected":false},"author":1,"featured_media":9,"comment_status":"open","ping_status":"open","sticky":false,"template":"","format":"standard","meta":{"footnotes":""},"categories":[4],"tags":[9,10],"class_list":["post-8","post","type-post","status-publish","format-standard","has-post-thumbnail","hentry","category-esporte","tag-flamengo","tag-plata"],"_links":{"self":[{"href":"https:\/\/bandnordeste.com.br\/ma\/wp-json\/wp\/v2\/posts\/8","targetHints":{"allow":["GET"]}}],"collection":[{"href":"https:\/\/bandnordeste.com.br\/ma\/wp-json\/wp\/v2\/posts"}],"about":[{"href":"https:\/\/bandnordeste.com.br\/ma\/wp-json\/wp\/v2\/types\/post"}],"author":[{"embeddable":true,"href":"https:\/\/bandnordeste.com.br\/ma\/wp-json\/wp\/v2\/users\/1"}],"replies":[{"embeddable":true,"href":"https:\/\/bandnordeste.com.br\/ma\/wp-json\/wp\/v2\/comments?post=8"}],"version-history":[{"count":1,"href":"https:\/\/bandnordeste.com.br\/ma\/wp-json\/wp\/v2\/posts\/8\/revisions"}],"predecessor-version":[{"id":10,"href":"https:\/\/bandnordeste.com.br\/ma\/wp-json\/wp\/v2\/posts\/8\/revisions\/10"}],"wp:featuredmedia":[{"embeddable":true,"href":"https:\/\/bandnordeste.com.br\/ma\/wp-json\/wp\/v2\/media\/9"}],"wp:attachment":[{"href":"https:\/\/bandnordeste.com.br\/ma\/wp-json\/wp\/v2\/media?parent=8"}],"wp:term":[{"taxonomy":"category","embeddable":true,"href":"https:\/\/bandnordeste.com.br\/ma\/wp-json\/wp\/v2\/categories?post=8"},{"taxonomy":"post_tag","embeddable":true,"href":"https:\/\/bandnordeste.com.br\/ma\/wp-json\/wp\/v2\/tags?post=8"}],"curies":[{"name":"wp","href":"https:\/\/api.w.org\/{rel}","templated":true}]}}