{"id":42,"date":"2026-09-04T16:34:58","date_gmt":"2026-09-04T19:34:58","guid":{"rendered":"https:\/\/bandnordeste.com.br\/ma\/?p=42"},"modified":"2026-09-04T16:34:58","modified_gmt":"2026-09-04T19:34:58","slug":"terapeuta-e-demitido-e-indiciado-apos-arremessar-crianca-autista-ao-chao-em-clinica-de-sao-luis","status":"publish","type":"post","link":"https:\/\/bandnordeste.com.br\/ma\/sem-categoria\/terapeuta-e-demitido-e-indiciado-apos-arremessar-crianca-autista-ao-chao-em-clinica-de-sao-luis.bhtml","title":{"rendered":"Terapeuta \u00e9 demitido e indiciado ap\u00f3s arremessar crian\u00e7a autista ao ch\u00e3o em cl\u00ednica de S\u00e3o Lu\u00eds"},"content":{"rendered":"<div id=\"model-response-message-contentr_24bd3ba9f6df5279\" class=\"markdown markdown-main-panel md-content enable-luminous-fast-follows enable-updated-hr-color stronger\" dir=\"ltr\" aria-live=\"polite\">\n<div>Imagens de c\u00e2meras de seguran\u00e7a revelaram a agress\u00e3o sofrida por uma crian\u00e7a autista e n\u00e3o verbal dentro de uma cl\u00ednica particular em S\u00e3o Lu\u00eds (MA). O garoto de seis anos sofreu uma fratura grave no cotovelo e precisou passar por cirurgia de urg\u00eancia ap\u00f3s ser arremessado contra o ch\u00e3o por um profissional durante uma sess\u00e3o terap\u00eautica.<\/div>\n<div>A v\u00edtima precisou de 30 dias de recupera\u00e7\u00e3o para come\u00e7ar a retomar as atividades. Ap\u00f3s a den\u00fancia e o registro do boletim de ocorr\u00eancia por parte dos pais, o funcion\u00e1rio envolvido foi demitido do estabelecimento e indiciado pela Pol\u00edcia Civil por les\u00e3o corporal de natureza grave, pena que pode variar de um a cinco anos de reclus\u00e3o.<\/div>\n<div>O inqu\u00e9rito policial foi conclu\u00eddo, encaminhado \u00e0 Justi\u00e7a e o caso segue sob an\u00e1lise do Minist\u00e9rio P\u00fablico do Maranh\u00e3o sob segredo de Justi\u00e7a.<\/div>\n<\/div>\n","protected":false},"excerpt":{"rendered":"<p>Imagens de c\u00e2meras de seguran\u00e7a revelaram a agress\u00e3o sofrida por uma crian\u00e7a autista e n\u00e3o verbal dentro de uma cl\u00ednica particular em S\u00e3o Lu\u00eds (MA). O garoto de\u2026<\/p>\n","protected":false},"author":2,"featured_media":43,"comment_status":"open","ping_status":"open","sticky":false,"template":"","format":"standard","meta":{"footnotes":""},"categories":[1],"tags":[],"class_list":["post-42","post","type-post","status-publish","format-standard","has-post-thumbnail","hentry","category-sem-categoria"],"_links":{"self":[{"href":"https:\/\/bandnordeste.com.br\/ma\/wp-json\/wp\/v2\/posts\/42","targetHints":{"allow":["GET"]}}],"collection":[{"href":"https:\/\/bandnordeste.com.br\/ma\/wp-json\/wp\/v2\/posts"}],"about":[{"href":"https:\/\/bandnordeste.com.br\/ma\/wp-json\/wp\/v2\/types\/post"}],"author":[{"embeddable":true,"href":"https:\/\/bandnordeste.com.br\/ma\/wp-json\/wp\/v2\/users\/2"}],"replies":[{"embeddable":true,"href":"https:\/\/bandnordeste.com.br\/ma\/wp-json\/wp\/v2\/comments?post=42"}],"version-history":[{"count":1,"href":"https:\/\/bandnordeste.com.br\/ma\/wp-json\/wp\/v2\/posts\/42\/revisions"}],"predecessor-version":[{"id":44,"href":"https:\/\/bandnordeste.com.br\/ma\/wp-json\/wp\/v2\/posts\/42\/revisions\/44"}],"wp:featuredmedia":[{"embeddable":true,"href":"https:\/\/bandnordeste.com.br\/ma\/wp-json\/wp\/v2\/media\/43"}],"wp:attachment":[{"href":"https:\/\/bandnordeste.com.br\/ma\/wp-json\/wp\/v2\/media?parent=42"}],"wp:term":[{"taxonomy":"category","embeddable":true,"href":"https:\/\/bandnordeste.com.br\/ma\/wp-json\/wp\/v2\/categories?post=42"},{"taxonomy":"post_tag","embeddable":true,"href":"https:\/\/bandnordeste.com.br\/ma\/wp-json\/wp\/v2\/tags?post=42"}],"curies":[{"name":"wp","href":"https:\/\/api.w.org\/{rel}","templated":true}]}}