{"id":4,"date":"2026-09-01T22:58:16","date_gmt":"2026-09-02T01:58:16","guid":{"rendered":"https:\/\/bandnordeste.com.br\/ma\/?p=4"},"modified":"2026-09-01T23:44:17","modified_gmt":"2026-09-02T02:44:17","slug":"redes-sociais-de-renan-santos-voltam-ao-ar-apos-toffoli-liberar-campanha-digital","status":"publish","type":"post","link":"https:\/\/bandnordeste.com.br\/ma\/politica\/redes-sociais-de-renan-santos-voltam-ao-ar-apos-toffoli-liberar-campanha-digital.bhtml","title":{"rendered":"Redes sociais de Renan Santos voltam ao ar ap\u00f3s Toffoli liberar campanha digital"},"content":{"rendered":"<p style=\"text-align: justify;\" data-path-to-node=\"0\">O ministro do Tribunal Superior Eleitoral (TSE), Dias Toffoli, determinou nesta ter\u00e7a-feira (1\u00ba) o restabelecimento de 16 perfis em redes sociais e a retomada integral da campanha digital de Renan Santos, candidato \u00e0 Presid\u00eancia da Rep\u00fablica pelo partido Miss\u00e3o.<\/p>\n<p style=\"text-align: justify;\" data-path-to-node=\"1\">A medida reverte as restri\u00e7\u00f5es impostas no domingo (30) e assegura ao candidato o direito de utilizar as contas declaradas, participar de debates em r\u00e1dio, TV e podcasts, al\u00e9m de receber repasses do Fundo Eleitoral.<\/p>\n<p style=\"text-align: justify;\" data-path-to-node=\"2\"><b data-path-to-node=\"2\" data-index-in-node=\"0\">Detalhes da suspens\u00e3o e libera\u00e7\u00e3o:<\/b><\/p>\n<ul style=\"text-align: justify;\" data-path-to-node=\"3\">\n<li>\n<p data-path-to-node=\"3,0,0\"><b data-path-to-node=\"3,0,0\" data-index-in-node=\"0\">Contas afetadas:<\/b> Foram restabelecidos sete perfis no Instagram, sete no TikTok, um no Facebook e um canal no YouTube. A Meta e o TikTok chegaram a suspender os perfis na ter\u00e7a-feira, horas antes da nova decis\u00e3o de Toffoli que ordenou a reativa\u00e7\u00e3o em at\u00e9 duas horas.<\/p>\n<\/li>\n<li>\n<p data-path-to-node=\"3,1,0\"><b data-path-to-node=\"3,1,0\" data-index-in-node=\"0\">Motivo do bloqueio:<\/b> Ao solicitar o registro de candidatura, Renan (empres\u00e1rio e fundador do MBL, estreante em elei\u00e7\u00f5es) informou apenas um site e uma conta no X. Os outros 16 perfis foram declarados com 12 dias de atraso, o que levou o TSE a suspender temporariamente as postagens sob suspeita de propaganda irregular.<\/p>\n<\/li>\n<li>\n<p data-path-to-node=\"3,2,0\"><b data-path-to-node=\"3,2,0\" data-index-in-node=\"0\">Justificativa do TSE:<\/b> Toffoli esclareceu que a restri\u00e7\u00e3o inicial n\u00e3o foi uma san\u00e7\u00e3o, mas uma medida cautelar para preservar informa\u00e7\u00f5es. Durante o bloqueio, a \u00e1rea t\u00e9cnica do tribunal coletou mais de mil p\u00e1ginas de capturas de tela dessas redes para subsidiar a an\u00e1lise do registro de candidatura.<\/p>\n<\/li>\n<\/ul>\n<p style=\"text-align: justify;\" data-path-to-node=\"4\"><b data-path-to-node=\"4\" data-index-in-node=\"0\">Rea\u00e7\u00e3o da campanha:<\/b> Pouco antes da divulga\u00e7\u00e3o da nova decis\u00e3o do TSE, Renan Santos convocou uma coletiva de imprensa para criticar o bloqueio de suas redes. O candidato associou a suspens\u00e3o \u00e0s publica\u00e7\u00f5es reiteradas que vinha fazendo sobre o caso Banco Master, afirmando n\u00e3o acreditar que a a\u00e7\u00e3o do tribunal tenha sido uma &#8220;coincid\u00eancia&#8221;.<\/p>\n<p style=\"text-align: justify;\" data-path-to-node=\"5\">Durante a coletiva, Renan tamb\u00e9m declarou que orientou seus advogados a cancelarem a participa\u00e7\u00e3o em uma reuni\u00e3o no gabinete de Toffoli, encontro que havia sido solicitado inicialmente pela pr\u00f3pria equipe de defesa do candidato.<\/p>\n","protected":false},"excerpt":{"rendered":"<p>O ministro do Tribunal Superior Eleitoral (TSE), Dias Toffoli, determinou nesta ter\u00e7a-feira (1\u00ba) o restabelecimento de 16 perfis em redes sociais e a retomada integral da campanha digital\u2026<\/p>\n","protected":false},"author":1,"featured_media":5,"comment_status":"open","ping_status":"open","sticky":false,"template":"","format":"standard","meta":{"footnotes":""},"categories":[2],"tags":[7],"class_list":["post-4","post","type-post","status-publish","format-standard","has-post-thumbnail","hentry","category-politica","tag-renan-santos"],"_links":{"self":[{"href":"https:\/\/bandnordeste.com.br\/ma\/wp-json\/wp\/v2\/posts\/4","targetHints":{"allow":["GET"]}}],"collection":[{"href":"https:\/\/bandnordeste.com.br\/ma\/wp-json\/wp\/v2\/posts"}],"about":[{"href":"https:\/\/bandnordeste.com.br\/ma\/wp-json\/wp\/v2\/types\/post"}],"author":[{"embeddable":true,"href":"https:\/\/bandnordeste.com.br\/ma\/wp-json\/wp\/v2\/users\/1"}],"replies":[{"embeddable":true,"href":"https:\/\/bandnordeste.com.br\/ma\/wp-json\/wp\/v2\/comments?post=4"}],"version-history":[{"count":3,"href":"https:\/\/bandnordeste.com.br\/ma\/wp-json\/wp\/v2\/posts\/4\/revisions"}],"predecessor-version":[{"id":14,"href":"https:\/\/bandnordeste.com.br\/ma\/wp-json\/wp\/v2\/posts\/4\/revisions\/14"}],"wp:featuredmedia":[{"embeddable":true,"href":"https:\/\/bandnordeste.com.br\/ma\/wp-json\/wp\/v2\/media\/5"}],"wp:attachment":[{"href":"https:\/\/bandnordeste.com.br\/ma\/wp-json\/wp\/v2\/media?parent=4"}],"wp:term":[{"taxonomy":"category","embeddable":true,"href":"https:\/\/bandnordeste.com.br\/ma\/wp-json\/wp\/v2\/categories?post=4"},{"taxonomy":"post_tag","embeddable":true,"href":"https:\/\/bandnordeste.com.br\/ma\/wp-json\/wp\/v2\/tags?post=4"}],"curies":[{"name":"wp","href":"https:\/\/api.w.org\/{rel}","templated":true}]}}