{"id":37,"date":"2026-09-03T17:14:11","date_gmt":"2026-09-03T20:14:11","guid":{"rendered":"https:\/\/bandnordeste.com.br\/ma\/?p=37"},"modified":"2026-09-03T17:14:11","modified_gmt":"2026-09-03T20:14:11","slug":"jovem-e-apreendido-por-suspeita-de-participacao-em-roubo-de-r-200-mil-a-posto-de-combustivel-em-pinheiro","status":"publish","type":"post","link":"https:\/\/bandnordeste.com.br\/ma\/sem-categoria\/jovem-e-apreendido-por-suspeita-de-participacao-em-roubo-de-r-200-mil-a-posto-de-combustivel-em-pinheiro.bhtml","title":{"rendered":"Jovem \u00e9 apreendido por suspeita de participa\u00e7\u00e3o em roubo de R$ 200 mil a posto de combust\u00edvel em Pinheiro"},"content":{"rendered":"<p>Um jovem de 18 anos foi apreendido na ter\u00e7a-feira (1\u00ba), em Pinheiro, no Maranh\u00e3o, por suspeita de participa\u00e7\u00e3o no roubo de aproximadamente R$ 200 mil de um posto de combust\u00edvel. O crime aconteceu no dia 8 de junho de 2026, quando criminosos armados renderam funcion\u00e1rios do estabelecimento e levaram o dinheiro.<\/p>\n<p>Segundo a Pol\u00edcia Civil do Maranh\u00e3o (PC-MA), o investigado era menor de idade na \u00e9poca do crime e, por isso, responder\u00e1 pelos atos conforme as disposi\u00e7\u00f5es do Estatuto da Crian\u00e7a e do Adolescente (ECA). Ap\u00f3s o cumprimento da ordem judicial, ele foi encaminhado para a Funda\u00e7\u00e3o da Crian\u00e7a e do Adolescente (Funac), em S\u00e3o Lu\u00eds, onde dever\u00e1 cumprir medida socioeducativa de interna\u00e7\u00e3o.<\/p>\n<p>As investiga\u00e7\u00f5es j\u00e1 haviam resultado na pris\u00e3o de outros dois suspeitos no dia 30 de julho. Durante a opera\u00e7\u00e3o, os policiais apreenderam muni\u00e7\u00f5es, dinheiro em esp\u00e9cie e diversos aparelhos eletr\u00f4nicos, que ser\u00e3o analisados para auxiliar na apura\u00e7\u00e3o do caso.<\/p>\n<p>Os dois investigados presos anteriormente foram encaminhados \u00e0 Unidade Prisional de Pinheiro, onde permanecem \u00e0 disposi\u00e7\u00e3o da Justi\u00e7a.<\/p>\n<p>A investiga\u00e7\u00e3o \u00e9 conduzida pelo 1\u00ba Distrito Policial de Pinheiro, com apoio da 5\u00aa Delegacia Regional, al\u00e9m do 2\u00ba Distrito Policial e das Delegacias de Santa Helena, S\u00e3o Bento e Palmeir\u00e2ndia. De acordo com a Pol\u00edcia Civil, as dilig\u00eancias continuam para identificar e responsabilizar todos os envolvidos no assalto.<\/p>\n","protected":false},"excerpt":{"rendered":"<p>Um jovem de 18 anos foi apreendido na ter\u00e7a-feira (1\u00ba), em Pinheiro, no Maranh\u00e3o, por suspeita de participa\u00e7\u00e3o no roubo de aproximadamente R$ 200 mil de um posto\u2026<\/p>\n","protected":false},"author":2,"featured_media":38,"comment_status":"open","ping_status":"open","sticky":false,"template":"","format":"standard","meta":{"footnotes":""},"categories":[1],"tags":[],"class_list":["post-37","post","type-post","status-publish","format-standard","has-post-thumbnail","hentry","category-sem-categoria"],"_links":{"self":[{"href":"https:\/\/bandnordeste.com.br\/ma\/wp-json\/wp\/v2\/posts\/37","targetHints":{"allow":["GET"]}}],"collection":[{"href":"https:\/\/bandnordeste.com.br\/ma\/wp-json\/wp\/v2\/posts"}],"about":[{"href":"https:\/\/bandnordeste.com.br\/ma\/wp-json\/wp\/v2\/types\/post"}],"author":[{"embeddable":true,"href":"https:\/\/bandnordeste.com.br\/ma\/wp-json\/wp\/v2\/users\/2"}],"replies":[{"embeddable":true,"href":"https:\/\/bandnordeste.com.br\/ma\/wp-json\/wp\/v2\/comments?post=37"}],"version-history":[{"count":1,"href":"https:\/\/bandnordeste.com.br\/ma\/wp-json\/wp\/v2\/posts\/37\/revisions"}],"predecessor-version":[{"id":39,"href":"https:\/\/bandnordeste.com.br\/ma\/wp-json\/wp\/v2\/posts\/37\/revisions\/39"}],"wp:featuredmedia":[{"embeddable":true,"href":"https:\/\/bandnordeste.com.br\/ma\/wp-json\/wp\/v2\/media\/38"}],"wp:attachment":[{"href":"https:\/\/bandnordeste.com.br\/ma\/wp-json\/wp\/v2\/media?parent=37"}],"wp:term":[{"taxonomy":"category","embeddable":true,"href":"https:\/\/bandnordeste.com.br\/ma\/wp-json\/wp\/v2\/categories?post=37"},{"taxonomy":"post_tag","embeddable":true,"href":"https:\/\/bandnordeste.com.br\/ma\/wp-json\/wp\/v2\/tags?post=37"}],"curies":[{"name":"wp","href":"https:\/\/api.w.org\/{rel}","templated":true}]}}