{"id":32,"date":"2026-09-03T14:13:52","date_gmt":"2026-09-03T17:13:52","guid":{"rendered":"https:\/\/bandnordeste.com.br\/ma\/?p=32"},"modified":"2026-09-03T14:13:52","modified_gmt":"2026-09-03T17:13:52","slug":"dicap-prende-em-timon-suspeito-de-homicidio-de-carcereiro-e-trafico","status":"publish","type":"post","link":"https:\/\/bandnordeste.com.br\/ma\/sem-categoria\/dicap-prende-em-timon-suspeito-de-homicidio-de-carcereiro-e-trafico.bhtml","title":{"rendered":"DICAP prende em Timon suspeito de homic\u00eddio de carcereiro e tr\u00e1fico"},"content":{"rendered":"<p>A Divis\u00e3o de Intelig\u00eancia e Captura (DICAP) da 18\u00aa Delegacia Regional de Timon prendeu, na manh\u00e3 desta quinta-feira (3\/9), o foragido A.C.L.O., de 46 anos, no bairro Cajueiro. Contra ele, havia dois mandados de pris\u00e3o em aberto: um por tr\u00e1fico de drogas, expedido pela 1\u00aa Vara de Execu\u00e7\u00e3o Penal de S\u00e3o Lu\u00eds, e outro por homic\u00eddio e tentativa de homic\u00eddio, oriundo da Vara \u00danica de S\u00e3o Bernardo (MA). O crime de homic\u00eddio ocorreu em maio de 2024, quando o acusado atirou contra um carcereiro da Pol\u00edcia Civil que tentava cont\u00ea-lo em um bar. No momento da abordagem em Timon, ele tamb\u00e9m foi autuado em flagrante por recepta\u00e7\u00e3o ao ser flagrado com um celular furtado. O preso foi conduzido \u00e0 Central de Flagrantes e seguir\u00e1 para o sistema prisional.<\/p>\n","protected":false},"excerpt":{"rendered":"<p>A Divis\u00e3o de Intelig\u00eancia e Captura (DICAP) da 18\u00aa Delegacia Regional de Timon prendeu, na manh\u00e3 desta quinta-feira (3\/9), o foragido A.C.L.O., de 46 anos, no bairro Cajueiro.\u2026<\/p>\n","protected":false},"author":2,"featured_media":33,"comment_status":"open","ping_status":"open","sticky":false,"template":"","format":"standard","meta":{"footnotes":""},"categories":[1],"tags":[],"class_list":["post-32","post","type-post","status-publish","format-standard","has-post-thumbnail","hentry","category-sem-categoria"],"_links":{"self":[{"href":"https:\/\/bandnordeste.com.br\/ma\/wp-json\/wp\/v2\/posts\/32","targetHints":{"allow":["GET"]}}],"collection":[{"href":"https:\/\/bandnordeste.com.br\/ma\/wp-json\/wp\/v2\/posts"}],"about":[{"href":"https:\/\/bandnordeste.com.br\/ma\/wp-json\/wp\/v2\/types\/post"}],"author":[{"embeddable":true,"href":"https:\/\/bandnordeste.com.br\/ma\/wp-json\/wp\/v2\/users\/2"}],"replies":[{"embeddable":true,"href":"https:\/\/bandnordeste.com.br\/ma\/wp-json\/wp\/v2\/comments?post=32"}],"version-history":[{"count":1,"href":"https:\/\/bandnordeste.com.br\/ma\/wp-json\/wp\/v2\/posts\/32\/revisions"}],"predecessor-version":[{"id":34,"href":"https:\/\/bandnordeste.com.br\/ma\/wp-json\/wp\/v2\/posts\/32\/revisions\/34"}],"wp:featuredmedia":[{"embeddable":true,"href":"https:\/\/bandnordeste.com.br\/ma\/wp-json\/wp\/v2\/media\/33"}],"wp:attachment":[{"href":"https:\/\/bandnordeste.com.br\/ma\/wp-json\/wp\/v2\/media?parent=32"}],"wp:term":[{"taxonomy":"category","embeddable":true,"href":"https:\/\/bandnordeste.com.br\/ma\/wp-json\/wp\/v2\/categories?post=32"},{"taxonomy":"post_tag","embeddable":true,"href":"https:\/\/bandnordeste.com.br\/ma\/wp-json\/wp\/v2\/tags?post=32"}],"curies":[{"name":"wp","href":"https:\/\/api.w.org\/{rel}","templated":true}]}}