{"id":22,"date":"2026-09-02T15:54:04","date_gmt":"2026-09-02T18:54:04","guid":{"rendered":"https:\/\/bandnordeste.com.br\/ma\/?p=22"},"modified":"2026-09-02T15:54:04","modified_gmt":"2026-09-02T18:54:04","slug":"foragido-apontado-como-lider-de-faccao-no-maranhao-e-preso-em-fortaleza","status":"publish","type":"post","link":"https:\/\/bandnordeste.com.br\/ma\/sem-categoria\/foragido-apontado-como-lider-de-faccao-no-maranhao-e-preso-em-fortaleza.bhtml","title":{"rendered":"Foragido apontado como l\u00edder de fac\u00e7\u00e3o no Maranh\u00e3o \u00e9 preso em Fortaleza"},"content":{"rendered":"<p>Um homem apontado pela pol\u00edcia como lideran\u00e7a de uma organiza\u00e7\u00e3o criminosa com atua\u00e7\u00e3o no Maranh\u00e3o foi preso nesta quarta-feira (2), em Fortaleza, no Cear\u00e1. Marcos Andr\u00e9 Silva Vieira, de 42 anos, conhecido como \u201cMarquinho da Matan\u00e7a\u201d, estava foragido da Justi\u00e7a maranhense havia quase cinco anos.<\/p>\n<p>A pris\u00e3o ocorreu no bairro Amadeu Furtado e foi resultado de uma a\u00e7\u00e3o integrada entre for\u00e7as de seguran\u00e7a do Maranh\u00e3o e do Cear\u00e1. Participaram da opera\u00e7\u00e3o equipes da Pol\u00edcia Civil do Maranh\u00e3o, por meio da Seic e do GRT, al\u00e9m de setores de intelig\u00eancia da Seguran\u00e7a P\u00fablica e da Pol\u00edcia Civil maranhenses. A captura contou ainda com a atua\u00e7\u00e3o da Draco, da Pol\u00edcia Civil do Cear\u00e1.<\/p>\n<p>Segundo as investiga\u00e7\u00f5es, Marcos Andr\u00e9 \u00e9 apontado como uma das lideran\u00e7as do grupo criminoso conhecido como \u201cBonde dos 40\u201d. Ele estava entre os foragidos mais procurados do Maranh\u00e3o e tamb\u00e9m integrava o Projeto Captura, do Minist\u00e9rio da Justi\u00e7a e Seguran\u00e7a P\u00fablica.<\/p>\n<p>O suspeito possui condena\u00e7\u00f5es e processos por crimes como tr\u00e1fico de drogas, associa\u00e7\u00e3o para o tr\u00e1fico, posse ilegal de arma de fogo e roubo. Em um dos processos, na Comarca de S\u00e3o Lu\u00eds, possui pena remanescente de 54 anos e 10 meses de pris\u00e3o em regime fechado.<\/p>\n<p>A localiza\u00e7\u00e3o do foragido foi poss\u00edvel ap\u00f3s um trabalho de intelig\u00eancia que envolveu levantamento, an\u00e1lise e cruzamento de informa\u00e7\u00f5es. Com a identifica\u00e7\u00e3o do paradeiro, as for\u00e7as maranhenses acionaram a pol\u00edcia cearense para realizar a pris\u00e3o.<\/p>\n<p>Ap\u00f3s os procedimentos legais no Cear\u00e1, Marcos Andr\u00e9 dever\u00e1 ser submetido \u00e0s medidas necess\u00e1rias para o cumprimento dos mandados expedidos pela Justi\u00e7a do Maranh\u00e3o.<\/p>\n","protected":false},"excerpt":{"rendered":"<p>Um homem apontado pela pol\u00edcia como lideran\u00e7a de uma organiza\u00e7\u00e3o criminosa com atua\u00e7\u00e3o no Maranh\u00e3o foi preso nesta quarta-feira (2), em Fortaleza, no Cear\u00e1. Marcos Andr\u00e9 Silva Vieira,\u2026<\/p>\n","protected":false},"author":2,"featured_media":23,"comment_status":"open","ping_status":"open","sticky":false,"template":"","format":"standard","meta":{"footnotes":""},"categories":[1],"tags":[],"class_list":["post-22","post","type-post","status-publish","format-standard","has-post-thumbnail","hentry","category-sem-categoria"],"_links":{"self":[{"href":"https:\/\/bandnordeste.com.br\/ma\/wp-json\/wp\/v2\/posts\/22","targetHints":{"allow":["GET"]}}],"collection":[{"href":"https:\/\/bandnordeste.com.br\/ma\/wp-json\/wp\/v2\/posts"}],"about":[{"href":"https:\/\/bandnordeste.com.br\/ma\/wp-json\/wp\/v2\/types\/post"}],"author":[{"embeddable":true,"href":"https:\/\/bandnordeste.com.br\/ma\/wp-json\/wp\/v2\/users\/2"}],"replies":[{"embeddable":true,"href":"https:\/\/bandnordeste.com.br\/ma\/wp-json\/wp\/v2\/comments?post=22"}],"version-history":[{"count":1,"href":"https:\/\/bandnordeste.com.br\/ma\/wp-json\/wp\/v2\/posts\/22\/revisions"}],"predecessor-version":[{"id":24,"href":"https:\/\/bandnordeste.com.br\/ma\/wp-json\/wp\/v2\/posts\/22\/revisions\/24"}],"wp:featuredmedia":[{"embeddable":true,"href":"https:\/\/bandnordeste.com.br\/ma\/wp-json\/wp\/v2\/media\/23"}],"wp:attachment":[{"href":"https:\/\/bandnordeste.com.br\/ma\/wp-json\/wp\/v2\/media?parent=22"}],"wp:term":[{"taxonomy":"category","embeddable":true,"href":"https:\/\/bandnordeste.com.br\/ma\/wp-json\/wp\/v2\/categories?post=22"},{"taxonomy":"post_tag","embeddable":true,"href":"https:\/\/bandnordeste.com.br\/ma\/wp-json\/wp\/v2\/tags?post=22"}],"curies":[{"name":"wp","href":"https:\/\/api.w.org\/{rel}","templated":true}]}}