{"id":16,"date":"2026-09-02T15:44:38","date_gmt":"2026-09-02T18:44:38","guid":{"rendered":"https:\/\/bandnordeste.com.br\/ma\/?p=16"},"modified":"2026-09-02T15:48:59","modified_gmt":"2026-09-02T18:48:59","slug":"estudante-e-baleado-apos-reagir-a-assalto-em-saida-de-academia-em-sao-luis","status":"publish","type":"post","link":"https:\/\/bandnordeste.com.br\/ma\/sem-categoria\/estudante-e-baleado-apos-reagir-a-assalto-em-saida-de-academia-em-sao-luis.bhtml","title":{"rendered":"Estudante \u00e9 baleado ap\u00f3s reagir a assalto em sa\u00edda de academia em S\u00e3o Lu\u00eds"},"content":{"rendered":"<div id=\"model-response-message-contentr_b5b6b589d04bcaa1\" class=\"markdown markdown-main-panel md-content enable-luminous-fast-follows enable-updated-hr-color stronger\" dir=\"ltr\" aria-live=\"polite\">\n<div>O estudante de Direito Eldimir Ot\u00e1vio Coelho Neto, de 20 anos, permanece internado em estado grave na Unidade de Terapia Intensiva (UTI) de um hospital particular de S\u00e3o Lu\u00eds, ap\u00f3s ser atingido por tr\u00eas tiros na noite de ter\u00e7a-feira (1\u00ba). A abordagem ocorreu na Avenida Daniel de La Touche, no bairro Cohama, no momento em que a v\u00edtima sa\u00eda de uma academia. Segundo relatos de testemunhas \u00e0 pol\u00edcia, o jovem empurrou um dos assaltantes para evitar o roubo de seu cord\u00e3o e acabou sendo baleado pelo comparsa. A Delegacia de Roubos e Furtos (DRF) investiga a ocorr\u00eancia e analisa imagens de c\u00e2meras de seguran\u00e7a para identificar os criminosos, em uma \u00e1rea apontada por frequentadores como recorrente em assaltos.<\/div>\n<\/div>\n","protected":false},"excerpt":{"rendered":"<p>O estudante de Direito Eldimir Ot\u00e1vio Coelho Neto, de 20 anos, permanece internado em estado grave na Unidade de Terapia Intensiva (UTI) de um hospital particular de S\u00e3o\u2026<\/p>\n","protected":false},"author":2,"featured_media":17,"comment_status":"open","ping_status":"open","sticky":false,"template":"","format":"standard","meta":{"footnotes":""},"categories":[1],"tags":[],"class_list":["post-16","post","type-post","status-publish","format-standard","has-post-thumbnail","hentry","category-sem-categoria"],"_links":{"self":[{"href":"https:\/\/bandnordeste.com.br\/ma\/wp-json\/wp\/v2\/posts\/16","targetHints":{"allow":["GET"]}}],"collection":[{"href":"https:\/\/bandnordeste.com.br\/ma\/wp-json\/wp\/v2\/posts"}],"about":[{"href":"https:\/\/bandnordeste.com.br\/ma\/wp-json\/wp\/v2\/types\/post"}],"author":[{"embeddable":true,"href":"https:\/\/bandnordeste.com.br\/ma\/wp-json\/wp\/v2\/users\/2"}],"replies":[{"embeddable":true,"href":"https:\/\/bandnordeste.com.br\/ma\/wp-json\/wp\/v2\/comments?post=16"}],"version-history":[{"count":1,"href":"https:\/\/bandnordeste.com.br\/ma\/wp-json\/wp\/v2\/posts\/16\/revisions"}],"predecessor-version":[{"id":18,"href":"https:\/\/bandnordeste.com.br\/ma\/wp-json\/wp\/v2\/posts\/16\/revisions\/18"}],"wp:featuredmedia":[{"embeddable":true,"href":"https:\/\/bandnordeste.com.br\/ma\/wp-json\/wp\/v2\/media\/17"}],"wp:attachment":[{"href":"https:\/\/bandnordeste.com.br\/ma\/wp-json\/wp\/v2\/media?parent=16"}],"wp:term":[{"taxonomy":"category","embeddable":true,"href":"https:\/\/bandnordeste.com.br\/ma\/wp-json\/wp\/v2\/categories?post=16"},{"taxonomy":"post_tag","embeddable":true,"href":"https:\/\/bandnordeste.com.br\/ma\/wp-json\/wp\/v2\/tags?post=16"}],"curies":[{"name":"wp","href":"https:\/\/api.w.org\/{rel}","templated":true}]}}